{"id":119,"date":"2025-05-12T17:21:13","date_gmt":"2025-05-12T20:21:13","guid":{"rendered":"https:\/\/www.prostec.com.br\/blog\/?p=119"},"modified":"2025-05-12T17:25:20","modified_gmt":"2025-05-12T20:25:20","slug":"termometro-analogico-garanta-a-medicao-precisa-da-temperatura-em-diferentes-ambientes","status":"publish","type":"post","link":"https:\/\/www.prostec.com.br\/blog\/termometro\/termometro-analogico-garanta-a-medicao-precisa-da-temperatura-em-diferentes-ambientes\/","title":{"rendered":"Term\u00f4metro anal\u00f3gico: garanta a medi\u00e7\u00e3o precisa da temperatura em diferentes ambientes"},"content":{"rendered":"<span class=\"rt-reading-time\" style=\"display: block;\"><span class=\"rt-label rt-prefix\">Tempo de leitura<\/span> <span class=\"rt-time\">4<\/span> <span class=\"rt-label rt-postfix\">minutos<\/span><\/span>\n<p class=\"has-medium-font-size\"><strong><em>Descubra como o term\u00f4metro anal\u00f3gico \u00e9 essencial para a medi\u00e7\u00e3o precisa da temperatura em ambientes industriais, laboratoriais e comerciais.<\/em><\/strong><\/p>\n\n\n\n<p>A medi\u00e7\u00e3o precisa da temperatura \u00e9 vital para in\u00fameros setores. Do controle de processos industriais \u00e0 conserva\u00e7\u00e3o de produtos perec\u00edveis, a temperatura influencia diretamente a qualidade, a seguran\u00e7a e a efici\u00eancia operacional.<\/p>\n\n\n\n<p>Nesse contexto, o term\u00f4metro anal\u00f3gico se destaca por sua confiabilidade e simplicidade. Mesmo com o avan\u00e7o dos instrumentos digitais, ele continua sendo a escolha de muitos profissionais que prezam por durabilidade e robustez.<\/p>\n\n\n\n<p>Neste artigo, voc\u00ea vai entender as vantagens do term\u00f4metro anal\u00f3gico, como us\u00e1-lo corretamente e por que escolher um fornecedor de confian\u00e7a, como a Prostec, faz toda a diferen\u00e7a.<\/p>\n\n\n\n<div id=\"ez-toc-container\" class=\"ez-toc-v2_0_67 counter-hierarchy ez-toc-counter ez-toc-grey ez-toc-container-direction\">\n<p class=\"ez-toc-title\">T&oacute;picos do artigo<\/p>\n<label for=\"ez-toc-cssicon-toggle-item-69f57a5be7d9b\" class=\"ez-toc-cssicon-toggle-label\"><span class=\"\"><span class=\"eztoc-hide\" style=\"display:none;\">Toggle<\/span><span class=\"ez-toc-icon-toggle-span\"><svg style=\"fill: #999;color:#999\" xmlns=\"http:\/\/www.w3.org\/2000\/svg\" class=\"list-377408\" width=\"20px\" height=\"20px\" viewBox=\"0 0 24 24\" fill=\"none\"><path d=\"M6 6H4v2h2V6zm14 0H8v2h12V6zM4 11h2v2H4v-2zm16 0H8v2h12v-2zM4 16h2v2H4v-2zm16 0H8v2h12v-2z\" fill=\"currentColor\"><\/path><\/svg><svg style=\"fill: #999;color:#999\" class=\"arrow-unsorted-368013\" xmlns=\"http:\/\/www.w3.org\/2000\/svg\" width=\"10px\" height=\"10px\" viewBox=\"0 0 24 24\" version=\"1.2\" baseProfile=\"tiny\"><path d=\"M18.2 9.3l-6.2-6.3-6.2 6.3c-.2.2-.3.4-.3.7s.1.5.3.7c.2.2.4.3.7.3h11c.3 0 .5-.1.7-.3.2-.2.3-.5.3-.7s-.1-.5-.3-.7zM5.8 14.7l6.2 6.3 6.2-6.3c.2-.2.3-.5.3-.7s-.1-.5-.3-.7c-.2-.2-.4-.3-.7-.3h-11c-.3 0-.5.1-.7.3-.2.2-.3.5-.3.7s.1.5.3.7z\"\/><\/svg><\/span><\/span><\/label><input type=\"checkbox\"  id=\"ez-toc-cssicon-toggle-item-69f57a5be7d9b\"  aria-label=\"Toggle\" \/><nav><ul class='ez-toc-list ez-toc-list-level-1 ' ><li class='ez-toc-page-1 ez-toc-heading-level-2'><a class=\"ez-toc-link ez-toc-heading-1\" href=\"https:\/\/www.prostec.com.br\/blog\/termometro\/termometro-analogico-garanta-a-medicao-precisa-da-temperatura-em-diferentes-ambientes\/#O_que_e_um_termometro_analogico_e_por_que_ele_ainda_e_tao_utilizado\" title=\"O que \u00e9 um term\u00f4metro anal\u00f3gico e por que ele ainda \u00e9 t\u00e3o utilizado?\">O que \u00e9 um term\u00f4metro anal\u00f3gico e por que ele ainda \u00e9 t\u00e3o utilizado?<\/a><\/li><li class='ez-toc-page-1 ez-toc-heading-level-2'><a class=\"ez-toc-link ez-toc-heading-2\" href=\"https:\/\/www.prostec.com.br\/blog\/termometro\/termometro-analogico-garanta-a-medicao-precisa-da-temperatura-em-diferentes-ambientes\/#Principais_vantagens_do_termometro_analogico\" title=\"Principais vantagens do term\u00f4metro anal\u00f3gico\">Principais vantagens do term\u00f4metro anal\u00f3gico<\/a><\/li><li class='ez-toc-page-1 ez-toc-heading-level-2'><a class=\"ez-toc-link ez-toc-heading-3\" href=\"https:\/\/www.prostec.com.br\/blog\/termometro\/termometro-analogico-garanta-a-medicao-precisa-da-temperatura-em-diferentes-ambientes\/#Como_usar_corretamente_um_termometro_analogico\" title=\"Como usar corretamente um term\u00f4metro anal\u00f3gico\">Como usar corretamente um term\u00f4metro anal\u00f3gico<\/a><\/li><li class='ez-toc-page-1 ez-toc-heading-level-2'><a class=\"ez-toc-link ez-toc-heading-4\" href=\"https:\/\/www.prostec.com.br\/blog\/termometro\/termometro-analogico-garanta-a-medicao-precisa-da-temperatura-em-diferentes-ambientes\/#Onde_o_termometro_analogico_e_indispensavel\" title=\"Onde o term\u00f4metro anal\u00f3gico \u00e9 indispens\u00e1vel?\">Onde o term\u00f4metro anal\u00f3gico \u00e9 indispens\u00e1vel?<\/a><\/li><li class='ez-toc-page-1 ez-toc-heading-level-2'><a class=\"ez-toc-link ez-toc-heading-5\" href=\"https:\/\/www.prostec.com.br\/blog\/termometro\/termometro-analogico-garanta-a-medicao-precisa-da-temperatura-em-diferentes-ambientes\/#Escolher_um_bom_fornecedor_em_Sao_Paulo_faz_toda_a_diferenca\" title=\"Escolher um bom fornecedor em S\u00e3o Paulo faz toda a diferen\u00e7a\">Escolher um bom fornecedor em S\u00e3o Paulo faz toda a diferen\u00e7a<\/a><\/li><li class='ez-toc-page-1 ez-toc-heading-level-2'><a class=\"ez-toc-link ez-toc-heading-6\" href=\"https:\/\/www.prostec.com.br\/blog\/termometro\/termometro-analogico-garanta-a-medicao-precisa-da-temperatura-em-diferentes-ambientes\/#Termometro_analogico_da_Prostec_tradicao_e_confianca_em_cada_detalhe\" title=\"Term\u00f4metro anal\u00f3gico da Prostec: tradi\u00e7\u00e3o e confian\u00e7a em cada detalhe\">Term\u00f4metro anal\u00f3gico da Prostec: tradi\u00e7\u00e3o e confian\u00e7a em cada detalhe<\/a><\/li><\/ul><\/nav><\/div>\n<h2 class=\"wp-block-heading\"><span class=\"ez-toc-section\" id=\"O_que_e_um_termometro_analogico_e_por_que_ele_ainda_e_tao_utilizado\"><\/span><strong>O que \u00e9 um term\u00f4metro anal\u00f3gico e por que ele ainda \u00e9 t\u00e3o utilizado?<\/strong><span class=\"ez-toc-section-end\"><\/span><\/h2>\n\n\n\n<p>O term\u00f4metro anal\u00f3gico \u00e9 um dispositivo de medi\u00e7\u00e3o de temperatura baseado na dilata\u00e7\u00e3o t\u00e9rmica de l\u00edquidos (geralmente merc\u00fario ou \u00e1lcool) ou em mecanismos bimet\u00e1licos.&nbsp;<\/p>\n\n\n\n<p>Apesar da popularidade dos modelos digitais, os anal\u00f3gicos continuam sendo amplamente utilizados devido \u00e0 sua<strong> robustez, confiabilidade e independ\u00eancia de energia el\u00e9trica.<\/strong><\/p>\n\n\n\n<p><strong>Ind\u00fastrias, laborat\u00f3rios, cozinhas industriais, c\u00e2maras frigor\u00edficas e at\u00e9 hospitais fazem uso intensivo desses equipamentos.<\/strong> A leitura clara e imediata da temperatura, sem depender de baterias ou circuitos eletr\u00f4nicos, faz do term\u00f4metro anal\u00f3gico uma ferramenta vers\u00e1til e resistente.<\/p>\n\n\n\n<p>Al\u00e9m disso, os modelos anal\u00f3gicos s\u00e3o mais resistentes a interfer\u00eancias eletromagn\u00e9ticas e funcionam perfeitamente mesmo em ambientes extremos, o que justifica sua escolha em processos cr\u00edticos.<\/p>\n\n\n\n<ul class=\"wp-block-list\">\n<li><a href=\"https:\/\/www.prostec.com.br\/blog\/bico-queimador\/bico-queimador-a-solucao-ideal-para-uma-passagem-de-gas-eficiente\/\">Bico queimador: a solu\u00e7\u00e3o ideal para uma passagem de g\u00e1s eficiente<\/a><\/li>\n<\/ul>\n\n\n\n<h2 class=\"wp-block-heading\"><span class=\"ez-toc-section\" id=\"Principais_vantagens_do_termometro_analogico\"><\/span><strong>Principais vantagens do term\u00f4metro anal\u00f3gico<\/strong><span class=\"ez-toc-section-end\"><\/span><\/h2>\n\n\n\n<p>Durabilidade, precis\u00e3o e praticidade s\u00e3o alguns dos principais motivos pelos quais o term\u00f4metro anal\u00f3gico se mant\u00e9m relevante mesmo em tempos de alta tecnologia. Veja os benef\u00edcios com mais detalhes:<\/p>\n\n\n\n<ul class=\"wp-block-list\">\n<li><strong>Alta resist\u00eancia a condi\u00e7\u00f5es adversas:<\/strong> Term\u00f4metros anal\u00f3gicos s\u00e3o constru\u00eddos com materiais robustos, como a\u00e7o inoxid\u00e1vel e vidro temperado, o que garante resist\u00eancia a impactos, vibra\u00e7\u00f5es e varia\u00e7\u00f5es bruscas de temperatura;<br><br><\/li>\n\n\n\n<li><strong>Precis\u00e3o confi\u00e1vel:<\/strong> A tecnologia de dilata\u00e7\u00e3o t\u00e9rmica dos l\u00edquidos ou das tiras bimet\u00e1licas permite leituras exatas, especialmente quando calibrados corretamente;<br><br><\/li>\n\n\n\n<li><strong>F\u00e1cil interpreta\u00e7\u00e3o da leitura:<\/strong> A escala num\u00e9rica e o ponteiro mec\u00e2nico tornam a leitura simples e direta, mesmo em ambientes com baixa ilumina\u00e7\u00e3o;<br><br><\/li>\n\n\n\n<li><strong>Baixa manuten\u00e7\u00e3o:<\/strong> Sem componentes eletr\u00f4nicos, o term\u00f4metro anal\u00f3gico praticamente n\u00e3o exige manuten\u00e7\u00e3o frequente, reduzindo os custos operacionais a longo prazo;<br><br><\/li>\n\n\n\n<li><strong>Aplicabilidade ampla:<\/strong> Pode ser usado em aplica\u00e7\u00f5es industriais, comerciais e laboratoriais, com varia\u00e7\u00f5es de modelos para cada tipo de necessidade.<\/li>\n<\/ul>\n\n\n\n<h2 class=\"wp-block-heading\"><span class=\"ez-toc-section\" id=\"Como_usar_corretamente_um_termometro_analogico\"><\/span><strong>Como usar corretamente um term\u00f4metro anal\u00f3gico<\/strong><span class=\"ez-toc-section-end\"><\/span><\/h2>\n\n\n\n<p>Para usar corretamente um term\u00f4metro anal\u00f3gico,<strong> \u00e9 importante que ele esteja<\/strong> <strong>calibrado<\/strong>. Isso garante a precis\u00e3o da medi\u00e7\u00e3o, essencial em ambientes t\u00e9cnicos.<\/p>\n\n\n<div class=\"wp-block-image\">\n<figure class=\"alignright size-large is-resized\"><img loading=\"lazy\" decoding=\"async\" width=\"768\" height=\"1024\" src=\"https:\/\/www.prostec.com.br\/blog\/wp-content\/uploads\/2025\/05\/download-3-768x1024.jpg\" alt=\"Term\u00f4metro anal\u00f3gico: garanta a medi\u00e7\u00e3o precisa da temperatura em diferentes ambientes\" class=\"wp-image-120\" style=\"width:223px;height:auto\" srcset=\"https:\/\/www.prostec.com.br\/blog\/wp-content\/uploads\/2025\/05\/download-3-768x1024.jpg 768w, https:\/\/www.prostec.com.br\/blog\/wp-content\/uploads\/2025\/05\/download-3-225x300.jpg 225w, https:\/\/www.prostec.com.br\/blog\/wp-content\/uploads\/2025\/05\/download-3-1152x1536.jpg 1152w, https:\/\/www.prostec.com.br\/blog\/wp-content\/uploads\/2025\/05\/download-3-45x60.jpg 45w, https:\/\/www.prostec.com.br\/blog\/wp-content\/uploads\/2025\/05\/download-3.jpg 1200w\" sizes=\"auto, (max-width: 768px) 100vw, 768px\" \/><\/figure>\n<\/div>\n\n\n<p><strong>A ponta deve estar limpa antes do uso<\/strong>. Res\u00edduos podem interferir nos resultados.<\/p>\n\n\n\n<p>Durante a medi\u00e7\u00e3o,<strong> o bulbo deve ficar totalmente imerso no meio desejado<\/strong>, sem tocar superf\u00edcies.<\/p>\n\n\n\n<p>Espere alguns segundos at\u00e9 que a leitura se estabilize. S\u00f3 ent\u00e3o observe a escala com aten\u00e7\u00e3o.<\/p>\n\n\n\n<p>Ap\u00f3s o uso, <strong>armazene o term\u00f4metro em local seco e protegido<\/strong>. Isso preserva sua durabilidade e desempenho.<\/p>\n\n\n\n<ul class=\"wp-block-list\">\n<li><a href=\"https:\/\/www.prostec.com.br\/blog\/poco-para-termometros\/como-o-poco-para-termometros-pode-salvar-seus-equipamentos-e-processos-de-falhas-caras\/\">Como o po\u00e7o para term\u00f4metros pode salvar seus equipamentos e processos de falhas caras?<\/a><\/li>\n<\/ul>\n\n\n\n<h2 class=\"wp-block-heading\"><span class=\"ez-toc-section\" id=\"Onde_o_termometro_analogico_e_indispensavel\"><\/span><strong>Onde o term\u00f4metro anal\u00f3gico \u00e9 indispens\u00e1vel?<\/strong><span class=\"ez-toc-section-end\"><\/span><\/h2>\n\n\n\n<p>A versatilidade do term\u00f4metro anal\u00f3gico faz dele um aliado indispens\u00e1vel em muitos segmentos. Confira os principais:<\/p>\n\n\n\n<ul class=\"wp-block-list\">\n<li><strong>Ind\u00fastrias qu\u00edmicas e farmac\u00eauticas:<\/strong> Controle rigoroso de processos, como rea\u00e7\u00f5es qu\u00edmicas e armazenamento de subst\u00e2ncias sens\u00edveis \u00e0 temperatura;<br><br><\/li>\n\n\n\n<li><strong>Cadeia do frio (log\u00edstica e armazenagem de alimentos):<\/strong> Monitoramento de c\u00e2maras frigor\u00edficas, transporte de congelados e refrigera\u00e7\u00e3o comercial;<br><br><\/li>\n\n\n\n<li><strong>Cozinhas industriais e restaurantes:<\/strong> Controle de coc\u00e7\u00e3o e armazenamento, garantindo seguran\u00e7a alimentar e conformidade com normas sanit\u00e1rias;<br><br><\/li>\n\n\n\n<li><strong>Laborat\u00f3rios e hospitais:<\/strong> Controle de incubadoras, estufas e ambientes controlados para testes;<br><br><\/li>\n\n\n\n<li><strong>Processos industriais pesados:<\/strong> \u00c1reas com alta temperatura ou vibra\u00e7\u00e3o, onde sensores eletr\u00f4nicos podem falhar.<\/li>\n<\/ul>\n\n\n\n<h2 class=\"wp-block-heading\"><span class=\"ez-toc-section\" id=\"Escolher_um_bom_fornecedor_em_Sao_Paulo_faz_toda_a_diferenca\"><\/span><strong>Escolher um bom fornecedor em S\u00e3o Paulo faz toda a diferen\u00e7a<\/strong><span class=\"ez-toc-section-end\"><\/span><\/h2>\n\n\n\n<p>Adquirir term\u00f4metros anal\u00f3gicos de baixa qualidade pode comprometer a precis\u00e3o das medi\u00e7\u00f5es e afetar a opera\u00e7\u00e3o como um todo. Por isso, <strong>contar com um fornecedor de confian\u00e7a em S\u00e3o Paulo \u00e9 fundamental<\/strong>.<\/p>\n\n\n\n<p>O mercado paulistano concentra grande parte da atividade industrial do pa\u00eds, e, por isso, exige <strong>parceiros que garantam prazos, qualidade e suporte t\u00e9cnico especializado.<\/strong> Nessa escolha, a experi\u00eancia e a reputa\u00e7\u00e3o da empresa fornecedora fazem toda a diferen\u00e7a.<\/p>\n\n\n\n<ul class=\"wp-block-list\">\n<li><a href=\"https:\/\/www.prostec.com.br\/blog\/manometros\/fabricante-de-manometro-conte-com-a-qualidade-da-prostec\/\">Fabricante de man\u00f4metro: conte com a qualidade da Prostec<\/a><\/li>\n<\/ul>\n\n\n\n<h2 class=\"wp-block-heading\"><span class=\"ez-toc-section\" id=\"Termometro_analogico_da_Prostec_tradicao_e_confianca_em_cada_detalhe\"><\/span><strong>Term\u00f4metro anal\u00f3gico da Prostec: tradi\u00e7\u00e3o e confian\u00e7a em cada detalhe<\/strong><span class=\"ez-toc-section-end\"><\/span><\/h2>\n\n\n\n<p>Com mais de 30 anos de atua\u00e7\u00e3o, <strong>a Prostec \u00e9 refer\u00eancia nacional no fornecimento de instrumentos de medi\u00e7\u00e3o industrial<\/strong>, incluindo os confi\u00e1veis term\u00f4metros anal\u00f3gicos. Fundada em 1989, a empresa \u00e9 100% brasileira e atua com seriedade, dedica\u00e7\u00e3o e foco na satisfa\u00e7\u00e3o dos seus clientes.<\/p>\n\n\n\n<p><strong>O term\u00f4metro anal\u00f3gico da Prostec \u00e9 projetado para suportar as exig\u00eancias mais severas da ind\u00fastria.<\/strong> Robusto, preciso e com acabamento de alto padr\u00e3o, ele atende aos mais diversos setores: do aliment\u00edcio ao petroqu\u00edmico, da farmac\u00eautica \u00e0 log\u00edstica de refrigera\u00e7\u00e3o.<\/p>\n\n\n\n<p>Al\u00e9m disso, a Prostec se destaca por:<\/p>\n\n\n\n<ul class=\"wp-block-list\">\n<li><strong>Suporte t\u00e9cnico especializado;<\/strong><strong><br><\/strong><\/li>\n\n\n\n<li><strong>Ampla linha de produtos dispon\u00edveis \u00e0 pronta entrega;<\/strong><strong><br><\/strong><\/li>\n\n\n\n<li><strong>Compromisso com qualidade e durabilidade;<\/strong><strong><br><\/strong><\/li>\n\n\n\n<li><strong>Atendimento personalizado em todo o Brasil.<\/strong><strong><br><\/strong><\/li>\n<\/ul>\n\n\n\n<p>Se voc\u00ea busca por <strong>um fornecedor confi\u00e1vel de term\u00f4metro anal\u00f3gico em S\u00e3o Paulo<\/strong>, a Prostec \u00e9 a parceira ideal para sua empresa.<\/p>\n\n\n\n<p><strong>Encontre o term\u00f4metro ideal para sua aplica\u00e7\u00e3o com quem entende do assunto. <a href=\"https:\/\/www.prostec.com.br\/contato\">Entre em contato<\/a> com a Prostec e descubra a solu\u00e7\u00e3o certa para sua necessidade industrial!<\/strong><\/p>\n","protected":false},"excerpt":{"rendered":"<p><span class=\"rt-reading-time\" style=\"display: block;\"><span class=\"rt-label rt-prefix\">Tempo de leitura<\/span> <span class=\"rt-time\">4<\/span> <span class=\"rt-label rt-postfix\">minutos<\/span><\/span> Descubra como o term\u00f4metro anal\u00f3gico \u00e9 essencial para a medi\u00e7\u00e3o precisa da temperatura em ambientes industriais, laboratoriais e comerciais. A medi\u00e7\u00e3o precisa da temperatura \u00e9 vital para in\u00fameros setores. Do controle de processos industriais \u00e0 conserva\u00e7\u00e3o de produtos perec\u00edveis, a temperatura influencia diretamente a qualidade, a seguran\u00e7a e a efici\u00eancia operacional. Nesse contexto, o term\u00f4metro &hellip; <\/p>\n","protected":false},"author":1,"featured_media":120,"comment_status":"open","ping_status":"open","sticky":false,"template":"","format":"standard","meta":{"footnotes":""},"categories":[41],"tags":[825,822,831,828,827,829,830,823,812,813,832,815,820,43,816,42,838,835,834,843,844,836,837,841,842,839,833,821,840,818,814,817,502,826,819,824],"class_list":["post-119","post","type-post","status-publish","format-standard","has-post-thumbnail","hentry","category-termometro","tag-calibracao-de-termometros-analogicos","tag-controle-de-temperatura-industrial","tag-distribuidor-de-termometro-analogico","tag-empresa-de-termometro-analogico","tag-equipamentos-de-medicao-industriais","tag-fabrica-de-termometro-analogico","tag-fabricante-de-termometro-analogico","tag-fornecedor-confiavel-de-termometros","tag-fornecedor-de-termometro-analogico","tag-instrumentos-de-medicao-sp","tag-loja-de-termometro-analogico","tag-medicao-de-temperatura","tag-medicao-termica-confiavel","tag-onde-comprar-termometro-analogico","tag-precisao-termica-industrial","tag-termometro-analogico","tag-termometro-analogico-em-promocao","tag-termometro-analogico-em-sao-paulo","tag-termometro-analogico-em-sp","tag-termometro-analogico-na-vila-alpina","tag-termometro-analogico-na-vila-ema","tag-termometro-analogico-na-vila-prudente","tag-termometro-analogico-na-vila-zelina","tag-termometro-analogico-na-zona-leste","tag-termometro-analogico-no-parque-sao-lucas","tag-termometro-analogico-perto-de-mim","tag-termometro-analogico-preco","tag-termometro-analogico-prostec","tag-termometro-analogico-proximo-a-mim","tag-termometro-analogico-sao-paulo","tag-termometro-industrial","tag-termometro-para-industria","tag-termometro-para-laboratorio","tag-termometro-resistente-a-impacto","tag-termometro-robusto","tag-uso-correto-de-termometro-analogico","latest_post"],"yoast_head":"<!-- This site is optimized with the Yoast SEO plugin v22.9 - https:\/\/yoast.com\/wordpress\/plugins\/seo\/ -->\n<title>Term\u00f4metro anal\u00f3gico: garanta a medi\u00e7\u00e3o precisa da temperatura em diferentes ambientes - Prostec<\/title>\n<meta name=\"description\" content=\"Descubra como o term\u00f4metro anal\u00f3gico \u00e9 essencial para a medi\u00e7\u00e3o precisa da temperatura em ambientes industriais, laboratoriais e comerciais.\" \/>\n<meta name=\"robots\" content=\"index, follow, max-snippet:-1, max-image-preview:large, max-video-preview:-1\" \/>\n<link rel=\"canonical\" href=\"https:\/\/www.prostec.com.br\/blog\/termometro\/termometro-analogico-garanta-a-medicao-precisa-da-temperatura-em-diferentes-ambientes\/\" \/>\n<meta property=\"og:locale\" content=\"pt_BR\" \/>\n<meta property=\"og:type\" content=\"article\" \/>\n<meta property=\"og:title\" content=\"Term\u00f4metro anal\u00f3gico: garanta a medi\u00e7\u00e3o precisa da temperatura em diferentes ambientes - Prostec\" \/>\n<meta property=\"og:description\" content=\"Descubra como o term\u00f4metro anal\u00f3gico \u00e9 essencial para a medi\u00e7\u00e3o precisa da temperatura em ambientes industriais, laboratoriais e comerciais.\" \/>\n<meta property=\"og:url\" content=\"https:\/\/www.prostec.com.br\/blog\/termometro\/termometro-analogico-garanta-a-medicao-precisa-da-temperatura-em-diferentes-ambientes\/\" \/>\n<meta property=\"og:site_name\" content=\"Prostec\" \/>\n<meta property=\"article:published_time\" content=\"2025-05-12T20:21:13+00:00\" \/>\n<meta property=\"article:modified_time\" content=\"2025-05-12T20:25:20+00:00\" \/>\n<meta property=\"og:image\" content=\"https:\/\/www.prostec.com.br\/blog\/wp-content\/uploads\/2025\/05\/download-3.jpg\" \/>\n\t<meta property=\"og:image:width\" content=\"1200\" \/>\n\t<meta property=\"og:image:height\" content=\"1600\" \/>\n\t<meta property=\"og:image:type\" content=\"image\/jpeg\" \/>\n<meta name=\"author\" content=\"admin\" \/>\n<meta name=\"twitter:card\" content=\"summary_large_image\" \/>\n<meta name=\"twitter:label1\" content=\"Escrito por\" \/>\n\t<meta name=\"twitter:data1\" content=\"admin\" \/>\n\t<meta name=\"twitter:label2\" content=\"Est. tempo de leitura\" \/>\n\t<meta name=\"twitter:data2\" content=\"6 minutos\" \/>\n<script type=\"application\/ld+json\" class=\"yoast-schema-graph\">{\"@context\":\"https:\/\/schema.org\",\"@graph\":[{\"@type\":\"Article\",\"@id\":\"https:\/\/www.prostec.com.br\/blog\/termometro\/termometro-analogico-garanta-a-medicao-precisa-da-temperatura-em-diferentes-ambientes\/#article\",\"isPartOf\":{\"@id\":\"https:\/\/www.prostec.com.br\/blog\/termometro\/termometro-analogico-garanta-a-medicao-precisa-da-temperatura-em-diferentes-ambientes\/\"},\"author\":{\"name\":\"admin\",\"@id\":\"https:\/\/www.prostec.com.br\/blog\/#\/schema\/person\/1e904d8a0aeb9533fbc6a8639823c1f9\"},\"headline\":\"Term\u00f4metro anal\u00f3gico: garanta a medi\u00e7\u00e3o precisa da temperatura em diferentes ambientes\",\"datePublished\":\"2025-05-12T20:21:13+00:00\",\"dateModified\":\"2025-05-12T20:25:20+00:00\",\"mainEntityOfPage\":{\"@id\":\"https:\/\/www.prostec.com.br\/blog\/termometro\/termometro-analogico-garanta-a-medicao-precisa-da-temperatura-em-diferentes-ambientes\/\"},\"wordCount\":1024,\"commentCount\":0,\"publisher\":{\"@id\":\"https:\/\/www.prostec.com.br\/blog\/#organization\"},\"image\":{\"@id\":\"https:\/\/www.prostec.com.br\/blog\/termometro\/termometro-analogico-garanta-a-medicao-precisa-da-temperatura-em-diferentes-ambientes\/#primaryimage\"},\"thumbnailUrl\":\"https:\/\/www.prostec.com.br\/blog\/wp-content\/uploads\/2025\/05\/download-3.jpg\",\"keywords\":[\"calibra\u00e7\u00e3o de term\u00f4metros anal\u00f3gicos\",\"controle de temperatura industrial\",\"distribuidor de term\u00f4metro anal\u00f3gico\",\"empresa de term\u00f4metro anal\u00f3gico\",\"equipamentos de medi\u00e7\u00e3o industriais\",\"f\u00e1brica de term\u00f4metro anal\u00f3gico\",\"fabricante de term\u00f4metro anal\u00f3gico\",\"fornecedor confi\u00e1vel de term\u00f4metros\",\"fornecedor de term\u00f4metro anal\u00f3gico\",\"instrumentos de medi\u00e7\u00e3o SP\",\"loja de term\u00f4metro anal\u00f3gico\",\"medi\u00e7\u00e3o de temperatura\",\"medi\u00e7\u00e3o t\u00e9rmica confi\u00e1vel\",\"onde comprar term\u00f4metro anal\u00f3gico\",\"precis\u00e3o t\u00e9rmica industrial\",\"term\u00f4metro anal\u00f3gico\",\"term\u00f4metro anal\u00f3gico em promo\u00e7\u00e3o\",\"term\u00f4metro anal\u00f3gico em s\u00e3o paulo\",\"term\u00f4metro anal\u00f3gico em sp\",\"term\u00f4metro anal\u00f3gico na Vila Alpina\",\"term\u00f4metro anal\u00f3gico na Vila Ema\",\"term\u00f4metro anal\u00f3gico na Vila Prudente\",\"term\u00f4metro anal\u00f3gico na Vila Zelina\",\"term\u00f4metro anal\u00f3gico na zona leste\",\"term\u00f4metro anal\u00f3gico no Parque S\u00e3o Lucas\",\"term\u00f4metro anal\u00f3gico perto de mim\",\"term\u00f4metro anal\u00f3gico pre\u00e7o\",\"term\u00f4metro anal\u00f3gico Prostec\",\"term\u00f4metro anal\u00f3gico pr\u00f3ximo a mim\",\"term\u00f4metro anal\u00f3gico S\u00e3o Paulo\",\"term\u00f4metro industrial\",\"term\u00f4metro para ind\u00fastria\",\"term\u00f4metro para laborat\u00f3rio\",\"term\u00f4metro resistente a impacto\",\"term\u00f4metro robusto\",\"uso correto de term\u00f4metro anal\u00f3gico\"],\"articleSection\":[\"Term\u00f4metro\"],\"inLanguage\":\"pt-BR\",\"potentialAction\":[{\"@type\":\"CommentAction\",\"name\":\"Comment\",\"target\":[\"https:\/\/www.prostec.com.br\/blog\/termometro\/termometro-analogico-garanta-a-medicao-precisa-da-temperatura-em-diferentes-ambientes\/#respond\"]}]},{\"@type\":\"WebPage\",\"@id\":\"https:\/\/www.prostec.com.br\/blog\/termometro\/termometro-analogico-garanta-a-medicao-precisa-da-temperatura-em-diferentes-ambientes\/\",\"url\":\"https:\/\/www.prostec.com.br\/blog\/termometro\/termometro-analogico-garanta-a-medicao-precisa-da-temperatura-em-diferentes-ambientes\/\",\"name\":\"Term\u00f4metro anal\u00f3gico: garanta a medi\u00e7\u00e3o precisa da temperatura em diferentes ambientes - Prostec\",\"isPartOf\":{\"@id\":\"https:\/\/www.prostec.com.br\/blog\/#website\"},\"primaryImageOfPage\":{\"@id\":\"https:\/\/www.prostec.com.br\/blog\/termometro\/termometro-analogico-garanta-a-medicao-precisa-da-temperatura-em-diferentes-ambientes\/#primaryimage\"},\"image\":{\"@id\":\"https:\/\/www.prostec.com.br\/blog\/termometro\/termometro-analogico-garanta-a-medicao-precisa-da-temperatura-em-diferentes-ambientes\/#primaryimage\"},\"thumbnailUrl\":\"https:\/\/www.prostec.com.br\/blog\/wp-content\/uploads\/2025\/05\/download-3.jpg\",\"datePublished\":\"2025-05-12T20:21:13+00:00\",\"dateModified\":\"2025-05-12T20:25:20+00:00\",\"description\":\"Descubra como o term\u00f4metro anal\u00f3gico \u00e9 essencial para a medi\u00e7\u00e3o precisa da temperatura em ambientes industriais, laboratoriais e comerciais.\",\"breadcrumb\":{\"@id\":\"https:\/\/www.prostec.com.br\/blog\/termometro\/termometro-analogico-garanta-a-medicao-precisa-da-temperatura-em-diferentes-ambientes\/#breadcrumb\"},\"inLanguage\":\"pt-BR\",\"potentialAction\":[{\"@type\":\"ReadAction\",\"target\":[\"https:\/\/www.prostec.com.br\/blog\/termometro\/termometro-analogico-garanta-a-medicao-precisa-da-temperatura-em-diferentes-ambientes\/\"]}]},{\"@type\":\"ImageObject\",\"inLanguage\":\"pt-BR\",\"@id\":\"https:\/\/www.prostec.com.br\/blog\/termometro\/termometro-analogico-garanta-a-medicao-precisa-da-temperatura-em-diferentes-ambientes\/#primaryimage\",\"url\":\"https:\/\/www.prostec.com.br\/blog\/wp-content\/uploads\/2025\/05\/download-3.jpg\",\"contentUrl\":\"https:\/\/www.prostec.com.br\/blog\/wp-content\/uploads\/2025\/05\/download-3.jpg\",\"width\":1200,\"height\":1600,\"caption\":\"Term\u00f4metro anal\u00f3gico: garanta a medi\u00e7\u00e3o precisa da temperatura em diferentes ambientes\"},{\"@type\":\"BreadcrumbList\",\"@id\":\"https:\/\/www.prostec.com.br\/blog\/termometro\/termometro-analogico-garanta-a-medicao-precisa-da-temperatura-em-diferentes-ambientes\/#breadcrumb\",\"itemListElement\":[{\"@type\":\"ListItem\",\"position\":1,\"name\":\"In\u00edcio\",\"item\":\"https:\/\/www.prostec.com.br\/blog\/\"},{\"@type\":\"ListItem\",\"position\":2,\"name\":\"Term\u00f4metro anal\u00f3gico: garanta a medi\u00e7\u00e3o precisa da temperatura em diferentes ambientes\"}]},{\"@type\":\"WebSite\",\"@id\":\"https:\/\/www.prostec.com.br\/blog\/#website\",\"url\":\"https:\/\/www.prostec.com.br\/blog\/\",\"name\":\"Prostec\",\"description\":\"Blog | Prostec -  tudo o que voc\u00ea precisa saber\",\"publisher\":{\"@id\":\"https:\/\/www.prostec.com.br\/blog\/#organization\"},\"potentialAction\":[{\"@type\":\"SearchAction\",\"target\":{\"@type\":\"EntryPoint\",\"urlTemplate\":\"https:\/\/www.prostec.com.br\/blog\/?s={search_term_string}\"},\"query-input\":\"required name=search_term_string\"}],\"inLanguage\":\"pt-BR\"},{\"@type\":\"Organization\",\"@id\":\"https:\/\/www.prostec.com.br\/blog\/#organization\",\"name\":\"Prostec\",\"url\":\"https:\/\/www.prostec.com.br\/blog\/\",\"logo\":{\"@type\":\"ImageObject\",\"inLanguage\":\"pt-BR\",\"@id\":\"https:\/\/www.prostec.com.br\/blog\/#\/schema\/logo\/image\/\",\"url\":\"https:\/\/www.prostec.com.br\/blog\/wp-content\/uploads\/2024\/06\/logo.png\",\"contentUrl\":\"https:\/\/www.prostec.com.br\/blog\/wp-content\/uploads\/2024\/06\/logo.png\",\"width\":161,\"height\":60,\"caption\":\"Prostec\"},\"image\":{\"@id\":\"https:\/\/www.prostec.com.br\/blog\/#\/schema\/logo\/image\/\"}},{\"@type\":\"Person\",\"@id\":\"https:\/\/www.prostec.com.br\/blog\/#\/schema\/person\/1e904d8a0aeb9533fbc6a8639823c1f9\",\"name\":\"admin\",\"image\":{\"@type\":\"ImageObject\",\"inLanguage\":\"pt-BR\",\"@id\":\"https:\/\/www.prostec.com.br\/blog\/#\/schema\/person\/image\/\",\"url\":\"https:\/\/secure.gravatar.com\/avatar\/b9b15651bcb8041dc92676db087edb2957671cb54cccf8751fa28dd7031dbba2?s=96&d=mm&r=g\",\"contentUrl\":\"https:\/\/secure.gravatar.com\/avatar\/b9b15651bcb8041dc92676db087edb2957671cb54cccf8751fa28dd7031dbba2?s=96&d=mm&r=g\",\"caption\":\"admin\"},\"sameAs\":[\"https:\/\/prostec.com.br\/blog\"],\"url\":\"https:\/\/www.prostec.com.br\/blog\/author\/admin\/\"}]}<\/script>\n<!-- \/ Yoast SEO plugin. -->","yoast_head_json":{"title":"Term\u00f4metro anal\u00f3gico: garanta a medi\u00e7\u00e3o precisa da temperatura em diferentes ambientes - Prostec","description":"Descubra como o term\u00f4metro anal\u00f3gico \u00e9 essencial para a medi\u00e7\u00e3o precisa da temperatura em ambientes industriais, laboratoriais e comerciais.","robots":{"index":"index","follow":"follow","max-snippet":"max-snippet:-1","max-image-preview":"max-image-preview:large","max-video-preview":"max-video-preview:-1"},"canonical":"https:\/\/www.prostec.com.br\/blog\/termometro\/termometro-analogico-garanta-a-medicao-precisa-da-temperatura-em-diferentes-ambientes\/","og_locale":"pt_BR","og_type":"article","og_title":"Term\u00f4metro anal\u00f3gico: garanta a medi\u00e7\u00e3o precisa da temperatura em diferentes ambientes - Prostec","og_description":"Descubra como o term\u00f4metro anal\u00f3gico \u00e9 essencial para a medi\u00e7\u00e3o precisa da temperatura em ambientes industriais, laboratoriais e comerciais.","og_url":"https:\/\/www.prostec.com.br\/blog\/termometro\/termometro-analogico-garanta-a-medicao-precisa-da-temperatura-em-diferentes-ambientes\/","og_site_name":"Prostec","article_published_time":"2025-05-12T20:21:13+00:00","article_modified_time":"2025-05-12T20:25:20+00:00","og_image":[{"width":1200,"height":1600,"url":"https:\/\/www.prostec.com.br\/blog\/wp-content\/uploads\/2025\/05\/download-3.jpg","type":"image\/jpeg"}],"author":"admin","twitter_card":"summary_large_image","twitter_misc":{"Escrito por":"admin","Est. tempo de leitura":"6 minutos"},"schema":{"@context":"https:\/\/schema.org","@graph":[{"@type":"Article","@id":"https:\/\/www.prostec.com.br\/blog\/termometro\/termometro-analogico-garanta-a-medicao-precisa-da-temperatura-em-diferentes-ambientes\/#article","isPartOf":{"@id":"https:\/\/www.prostec.com.br\/blog\/termometro\/termometro-analogico-garanta-a-medicao-precisa-da-temperatura-em-diferentes-ambientes\/"},"author":{"name":"admin","@id":"https:\/\/www.prostec.com.br\/blog\/#\/schema\/person\/1e904d8a0aeb9533fbc6a8639823c1f9"},"headline":"Term\u00f4metro anal\u00f3gico: garanta a medi\u00e7\u00e3o precisa da temperatura em diferentes ambientes","datePublished":"2025-05-12T20:21:13+00:00","dateModified":"2025-05-12T20:25:20+00:00","mainEntityOfPage":{"@id":"https:\/\/www.prostec.com.br\/blog\/termometro\/termometro-analogico-garanta-a-medicao-precisa-da-temperatura-em-diferentes-ambientes\/"},"wordCount":1024,"commentCount":0,"publisher":{"@id":"https:\/\/www.prostec.com.br\/blog\/#organization"},"image":{"@id":"https:\/\/www.prostec.com.br\/blog\/termometro\/termometro-analogico-garanta-a-medicao-precisa-da-temperatura-em-diferentes-ambientes\/#primaryimage"},"thumbnailUrl":"https:\/\/www.prostec.com.br\/blog\/wp-content\/uploads\/2025\/05\/download-3.jpg","keywords":["calibra\u00e7\u00e3o de term\u00f4metros anal\u00f3gicos","controle de temperatura industrial","distribuidor de term\u00f4metro anal\u00f3gico","empresa de term\u00f4metro anal\u00f3gico","equipamentos de medi\u00e7\u00e3o industriais","f\u00e1brica de term\u00f4metro anal\u00f3gico","fabricante de term\u00f4metro anal\u00f3gico","fornecedor confi\u00e1vel de term\u00f4metros","fornecedor de term\u00f4metro anal\u00f3gico","instrumentos de medi\u00e7\u00e3o SP","loja de term\u00f4metro anal\u00f3gico","medi\u00e7\u00e3o de temperatura","medi\u00e7\u00e3o t\u00e9rmica confi\u00e1vel","onde comprar term\u00f4metro anal\u00f3gico","precis\u00e3o t\u00e9rmica industrial","term\u00f4metro anal\u00f3gico","term\u00f4metro anal\u00f3gico em promo\u00e7\u00e3o","term\u00f4metro anal\u00f3gico em s\u00e3o paulo","term\u00f4metro anal\u00f3gico em sp","term\u00f4metro anal\u00f3gico na Vila Alpina","term\u00f4metro anal\u00f3gico na Vila Ema","term\u00f4metro anal\u00f3gico na Vila Prudente","term\u00f4metro anal\u00f3gico na Vila Zelina","term\u00f4metro anal\u00f3gico na zona leste","term\u00f4metro anal\u00f3gico no Parque S\u00e3o Lucas","term\u00f4metro anal\u00f3gico perto de mim","term\u00f4metro anal\u00f3gico pre\u00e7o","term\u00f4metro anal\u00f3gico Prostec","term\u00f4metro anal\u00f3gico pr\u00f3ximo a mim","term\u00f4metro anal\u00f3gico S\u00e3o Paulo","term\u00f4metro industrial","term\u00f4metro para ind\u00fastria","term\u00f4metro para laborat\u00f3rio","term\u00f4metro resistente a impacto","term\u00f4metro robusto","uso correto de term\u00f4metro anal\u00f3gico"],"articleSection":["Term\u00f4metro"],"inLanguage":"pt-BR","potentialAction":[{"@type":"CommentAction","name":"Comment","target":["https:\/\/www.prostec.com.br\/blog\/termometro\/termometro-analogico-garanta-a-medicao-precisa-da-temperatura-em-diferentes-ambientes\/#respond"]}]},{"@type":"WebPage","@id":"https:\/\/www.prostec.com.br\/blog\/termometro\/termometro-analogico-garanta-a-medicao-precisa-da-temperatura-em-diferentes-ambientes\/","url":"https:\/\/www.prostec.com.br\/blog\/termometro\/termometro-analogico-garanta-a-medicao-precisa-da-temperatura-em-diferentes-ambientes\/","name":"Term\u00f4metro anal\u00f3gico: garanta a medi\u00e7\u00e3o precisa da temperatura em diferentes ambientes - Prostec","isPartOf":{"@id":"https:\/\/www.prostec.com.br\/blog\/#website"},"primaryImageOfPage":{"@id":"https:\/\/www.prostec.com.br\/blog\/termometro\/termometro-analogico-garanta-a-medicao-precisa-da-temperatura-em-diferentes-ambientes\/#primaryimage"},"image":{"@id":"https:\/\/www.prostec.com.br\/blog\/termometro\/termometro-analogico-garanta-a-medicao-precisa-da-temperatura-em-diferentes-ambientes\/#primaryimage"},"thumbnailUrl":"https:\/\/www.prostec.com.br\/blog\/wp-content\/uploads\/2025\/05\/download-3.jpg","datePublished":"2025-05-12T20:21:13+00:00","dateModified":"2025-05-12T20:25:20+00:00","description":"Descubra como o term\u00f4metro anal\u00f3gico \u00e9 essencial para a medi\u00e7\u00e3o precisa da temperatura em ambientes industriais, laboratoriais e comerciais.","breadcrumb":{"@id":"https:\/\/www.prostec.com.br\/blog\/termometro\/termometro-analogico-garanta-a-medicao-precisa-da-temperatura-em-diferentes-ambientes\/#breadcrumb"},"inLanguage":"pt-BR","potentialAction":[{"@type":"ReadAction","target":["https:\/\/www.prostec.com.br\/blog\/termometro\/termometro-analogico-garanta-a-medicao-precisa-da-temperatura-em-diferentes-ambientes\/"]}]},{"@type":"ImageObject","inLanguage":"pt-BR","@id":"https:\/\/www.prostec.com.br\/blog\/termometro\/termometro-analogico-garanta-a-medicao-precisa-da-temperatura-em-diferentes-ambientes\/#primaryimage","url":"https:\/\/www.prostec.com.br\/blog\/wp-content\/uploads\/2025\/05\/download-3.jpg","contentUrl":"https:\/\/www.prostec.com.br\/blog\/wp-content\/uploads\/2025\/05\/download-3.jpg","width":1200,"height":1600,"caption":"Term\u00f4metro anal\u00f3gico: garanta a medi\u00e7\u00e3o precisa da temperatura em diferentes ambientes"},{"@type":"BreadcrumbList","@id":"https:\/\/www.prostec.com.br\/blog\/termometro\/termometro-analogico-garanta-a-medicao-precisa-da-temperatura-em-diferentes-ambientes\/#breadcrumb","itemListElement":[{"@type":"ListItem","position":1,"name":"In\u00edcio","item":"https:\/\/www.prostec.com.br\/blog\/"},{"@type":"ListItem","position":2,"name":"Term\u00f4metro anal\u00f3gico: garanta a medi\u00e7\u00e3o precisa da temperatura em diferentes ambientes"}]},{"@type":"WebSite","@id":"https:\/\/www.prostec.com.br\/blog\/#website","url":"https:\/\/www.prostec.com.br\/blog\/","name":"Prostec","description":"Blog | Prostec -  tudo o que voc\u00ea precisa saber","publisher":{"@id":"https:\/\/www.prostec.com.br\/blog\/#organization"},"potentialAction":[{"@type":"SearchAction","target":{"@type":"EntryPoint","urlTemplate":"https:\/\/www.prostec.com.br\/blog\/?s={search_term_string}"},"query-input":"required name=search_term_string"}],"inLanguage":"pt-BR"},{"@type":"Organization","@id":"https:\/\/www.prostec.com.br\/blog\/#organization","name":"Prostec","url":"https:\/\/www.prostec.com.br\/blog\/","logo":{"@type":"ImageObject","inLanguage":"pt-BR","@id":"https:\/\/www.prostec.com.br\/blog\/#\/schema\/logo\/image\/","url":"https:\/\/www.prostec.com.br\/blog\/wp-content\/uploads\/2024\/06\/logo.png","contentUrl":"https:\/\/www.prostec.com.br\/blog\/wp-content\/uploads\/2024\/06\/logo.png","width":161,"height":60,"caption":"Prostec"},"image":{"@id":"https:\/\/www.prostec.com.br\/blog\/#\/schema\/logo\/image\/"}},{"@type":"Person","@id":"https:\/\/www.prostec.com.br\/blog\/#\/schema\/person\/1e904d8a0aeb9533fbc6a8639823c1f9","name":"admin","image":{"@type":"ImageObject","inLanguage":"pt-BR","@id":"https:\/\/www.prostec.com.br\/blog\/#\/schema\/person\/image\/","url":"https:\/\/secure.gravatar.com\/avatar\/b9b15651bcb8041dc92676db087edb2957671cb54cccf8751fa28dd7031dbba2?s=96&d=mm&r=g","contentUrl":"https:\/\/secure.gravatar.com\/avatar\/b9b15651bcb8041dc92676db087edb2957671cb54cccf8751fa28dd7031dbba2?s=96&d=mm&r=g","caption":"admin"},"sameAs":["https:\/\/prostec.com.br\/blog"],"url":"https:\/\/www.prostec.com.br\/blog\/author\/admin\/"}]}},"_links":{"self":[{"href":"https:\/\/www.prostec.com.br\/blog\/wp-json\/wp\/v2\/posts\/119","targetHints":{"allow":["GET"]}}],"collection":[{"href":"https:\/\/www.prostec.com.br\/blog\/wp-json\/wp\/v2\/posts"}],"about":[{"href":"https:\/\/www.prostec.com.br\/blog\/wp-json\/wp\/v2\/types\/post"}],"author":[{"embeddable":true,"href":"https:\/\/www.prostec.com.br\/blog\/wp-json\/wp\/v2\/users\/1"}],"replies":[{"embeddable":true,"href":"https:\/\/www.prostec.com.br\/blog\/wp-json\/wp\/v2\/comments?post=119"}],"version-history":[{"count":1,"href":"https:\/\/www.prostec.com.br\/blog\/wp-json\/wp\/v2\/posts\/119\/revisions"}],"predecessor-version":[{"id":121,"href":"https:\/\/www.prostec.com.br\/blog\/wp-json\/wp\/v2\/posts\/119\/revisions\/121"}],"wp:featuredmedia":[{"embeddable":true,"href":"https:\/\/www.prostec.com.br\/blog\/wp-json\/wp\/v2\/media\/120"}],"wp:attachment":[{"href":"https:\/\/www.prostec.com.br\/blog\/wp-json\/wp\/v2\/media?parent=119"}],"wp:term":[{"taxonomy":"category","embeddable":true,"href":"https:\/\/www.prostec.com.br\/blog\/wp-json\/wp\/v2\/categories?post=119"},{"taxonomy":"post_tag","embeddable":true,"href":"https:\/\/www.prostec.com.br\/blog\/wp-json\/wp\/v2\/tags?post=119"}],"curies":[{"name":"wp","href":"https:\/\/api.w.org\/{rel}","templated":true}]}}