{"id":73,"date":"2024-12-17T18:07:13","date_gmt":"2024-12-17T21:07:13","guid":{"rendered":"https:\/\/www.prostec.com.br\/blog\/?p=73"},"modified":"2024-12-17T18:07:14","modified_gmt":"2024-12-17T21:07:14","slug":"termometro-capela-alta-precisao-e-eficiencia-na-medicao-de-temperatura","status":"publish","type":"post","link":"https:\/\/www.prostec.com.br\/blog\/termometro\/termometro-capela-alta-precisao-e-eficiencia-na-medicao-de-temperatura\/","title":{"rendered":"Term\u00f4metro capela: alta precis\u00e3o e efici\u00eancia na medi\u00e7\u00e3o de temperatura"},"content":{"rendered":"<span class=\"rt-reading-time\" style=\"display: block;\"><span class=\"rt-label rt-prefix\">Tempo de leitura<\/span> <span class=\"rt-time\">3<\/span> <span class=\"rt-label rt-postfix\">minutos<\/span><\/span>\n<p class=\"has-medium-font-size\"><strong><em>O term\u00f4metro capela \u00e9 um equipamento essencial para laborat\u00f3rios e ind\u00fastrias, oferecendo alta precis\u00e3o e efici\u00eancia na medi\u00e7\u00e3o de temperatura.&nbsp;<\/em><\/strong><\/p>\n\n\n\n<p>O term\u00f4metro capela \u00e9 um equipamento fundamental para ambientes laboratoriais e industriais que exigem precis\u00e3o no controle de temperatura.&nbsp;<\/p>\n\n\n\n<p>Projetado para ambientes como capelas de seguran\u00e7a, onde a medi\u00e7\u00e3o exata \u00e9 crucial, esse dispositivo se destaca pela confiabilidade e rapidez nos resultados.&nbsp;<\/p>\n\n\n\n<p>Seja em experimentos cient\u00edficos ou processos industriais, a precis\u00e3o do term\u00f4metro capela garante resultados consistentes e seguros.<\/p>\n\n\n\n<p>Al\u00e9m disso, o term\u00f4metro capela da Prostec oferece tecnologias avan\u00e7adas para garantir o controle rigoroso da temperatura, seja para o monitoramento de subst\u00e2ncias qu\u00edmicas ou biol\u00f3gicas, ou em processos de fabrica\u00e7\u00e3o.&nbsp;<\/p>\n\n\n\n<p>Neste artigo, exploramos as principais caracter\u00edsticas e benef\u00edcios desse equipamento.<\/p>\n\n\n\n<div id=\"ez-toc-container\" class=\"ez-toc-v2_0_67 counter-hierarchy ez-toc-counter ez-toc-grey ez-toc-container-direction\">\n<p class=\"ez-toc-title\">T&oacute;picos do artigo<\/p>\n<label for=\"ez-toc-cssicon-toggle-item-69f384a180d1e\" class=\"ez-toc-cssicon-toggle-label\"><span class=\"\"><span class=\"eztoc-hide\" style=\"display:none;\">Toggle<\/span><span class=\"ez-toc-icon-toggle-span\"><svg style=\"fill: #999;color:#999\" xmlns=\"http:\/\/www.w3.org\/2000\/svg\" class=\"list-377408\" width=\"20px\" height=\"20px\" viewBox=\"0 0 24 24\" fill=\"none\"><path d=\"M6 6H4v2h2V6zm14 0H8v2h12V6zM4 11h2v2H4v-2zm16 0H8v2h12v-2zM4 16h2v2H4v-2zm16 0H8v2h12v-2z\" fill=\"currentColor\"><\/path><\/svg><svg style=\"fill: #999;color:#999\" class=\"arrow-unsorted-368013\" xmlns=\"http:\/\/www.w3.org\/2000\/svg\" width=\"10px\" height=\"10px\" viewBox=\"0 0 24 24\" version=\"1.2\" baseProfile=\"tiny\"><path d=\"M18.2 9.3l-6.2-6.3-6.2 6.3c-.2.2-.3.4-.3.7s.1.5.3.7c.2.2.4.3.7.3h11c.3 0 .5-.1.7-.3.2-.2.3-.5.3-.7s-.1-.5-.3-.7zM5.8 14.7l6.2 6.3 6.2-6.3c.2-.2.3-.5.3-.7s-.1-.5-.3-.7c-.2-.2-.4-.3-.7-.3h-11c-.3 0-.5.1-.7.3-.2.2-.3.5-.3.7s.1.5.3.7z\"\/><\/svg><\/span><\/span><\/label><input type=\"checkbox\"  id=\"ez-toc-cssicon-toggle-item-69f384a180d1e\"  aria-label=\"Toggle\" \/><nav><ul class='ez-toc-list ez-toc-list-level-1 ' ><li class='ez-toc-page-1 ez-toc-heading-level-2'><a class=\"ez-toc-link ez-toc-heading-1\" href=\"https:\/\/www.prostec.com.br\/blog\/termometro\/termometro-capela-alta-precisao-e-eficiencia-na-medicao-de-temperatura\/#O_que_e_um_termometro_capela\" title=\"O que \u00e9 um term\u00f4metro capela?\">O que \u00e9 um term\u00f4metro capela?<\/a><\/li><li class='ez-toc-page-1 ez-toc-heading-level-2'><a class=\"ez-toc-link ez-toc-heading-2\" href=\"https:\/\/www.prostec.com.br\/blog\/termometro\/termometro-capela-alta-precisao-e-eficiencia-na-medicao-de-temperatura\/#Principais_caracteristicas_e_beneficios\" title=\"Principais caracter\u00edsticas e benef\u00edcios\">Principais caracter\u00edsticas e benef\u00edcios<\/a><\/li><li class='ez-toc-page-1 ez-toc-heading-level-2'><a class=\"ez-toc-link ez-toc-heading-3\" href=\"https:\/\/www.prostec.com.br\/blog\/termometro\/termometro-capela-alta-precisao-e-eficiencia-na-medicao-de-temperatura\/#Aplicacoes_do_termometro_capela\" title=\"Aplica\u00e7\u00f5es do term\u00f4metro capela\">Aplica\u00e7\u00f5es do term\u00f4metro capela<\/a><\/li><li class='ez-toc-page-1 ez-toc-heading-level-2'><a class=\"ez-toc-link ez-toc-heading-4\" href=\"https:\/\/www.prostec.com.br\/blog\/termometro\/termometro-capela-alta-precisao-e-eficiencia-na-medicao-de-temperatura\/#Como_escolher_um_fornecedor_de_qualidade\" title=\"Como escolher um fornecedor de qualidade\">Como escolher um fornecedor de qualidade<\/a><\/li><li class='ez-toc-page-1 ez-toc-heading-level-2'><a class=\"ez-toc-link ez-toc-heading-5\" href=\"https:\/\/www.prostec.com.br\/blog\/termometro\/termometro-capela-alta-precisao-e-eficiencia-na-medicao-de-temperatura\/#Aposte_no_termometro_capela_da_Prostec\" title=\"Aposte no term\u00f4metro capela da Prostec\">Aposte no term\u00f4metro capela da Prostec<\/a><\/li><\/ul><\/nav><\/div>\n<h2 class=\"wp-block-heading\"><span class=\"ez-toc-section\" id=\"O_que_e_um_termometro_capela\"><\/span><strong>O que \u00e9 um term\u00f4metro capela?<\/strong><span class=\"ez-toc-section-end\"><\/span><\/h2>\n\n\n\n<p>O term\u00f4metro capela \u00e9 um dispositivo de medi\u00e7\u00e3o projetado para ser usado em ambientes controlados, como laborat\u00f3rios e ind\u00fastrias, onde a precis\u00e3o da temperatura \u00e9 essencial.&nbsp;<\/p>\n\n\n\n<p>Ele \u00e9 comumente encontrado em capelas de seguran\u00e7a, que s\u00e3o espa\u00e7os fechados usados para realizar experimentos, e \u00e9 ideal para medi\u00e7\u00e3o de temperaturas em ambientes sens\u00edveis.<\/p>\n\n\n\n<p>Utilizando sensores como termistores ou termopares, esses term\u00f4metros oferecem medi\u00e7\u00f5es de alta precis\u00e3o, fundamentais para o controle rigoroso da temperatura em processos delicados e para evitar resultados imprecisos que podem comprometer experimentos ou produtos.<\/p>\n\n\n\n<ul class=\"wp-block-list\">\n<li><a href=\"https:\/\/www.prostec.com.br\/blog\/robinete\/5-tipos-de-robinetes-e-como-escolher-o-ideal-para-o-seu-projeto\/\">5 tipos de robinetes e como escolher o ideal para o seu projeto<\/a><\/li>\n<\/ul>\n\n\n\n<h2 class=\"wp-block-heading\"><span class=\"ez-toc-section\" id=\"Principais_caracteristicas_e_beneficios\"><\/span><strong>Principais caracter\u00edsticas e benef\u00edcios<\/strong><span class=\"ez-toc-section-end\"><\/span><\/h2>\n\n\n\n<ol class=\"wp-block-list\">\n<li><strong>Precis\u00e3o e confiabilidade<\/strong><\/li>\n<\/ol>\n\n\n\n<p>O principal destaque do term\u00f4metro capela \u00e9 a precis\u00e3o. Com sensores avan\u00e7ados, ele garante medi\u00e7\u00f5es exatas e consistentes, reduzindo margens de erro e proporcionando confian\u00e7a nos resultados. Essa caracter\u00edstica \u00e9 crucial para setores como farmac\u00eautico e aliment\u00edcio, onde pequenas varia\u00e7\u00f5es de temperatura podem afetar a qualidade do produto final.<\/p>\n\n\n\n<ol start=\"2\" class=\"wp-block-list\">\n<li><strong>F\u00e1cil instala\u00e7\u00e3o e uso<\/strong><\/li>\n<\/ol>\n\n\n\n<p>Al\u00e9m da precis\u00e3o, o term\u00f4metro capela se destaca pela facilidade de uso e instala\u00e7\u00e3o. Ele \u00e9 intuitivo, n\u00e3o exige treinamento especializado e pode ser instalado rapidamente em diferentes ambientes laboratoriais e industriais. Sua interface clara e funcional facilita a leitura das medi\u00e7\u00f5es.<\/p>\n\n\n\n<h2 class=\"wp-block-heading\"><span class=\"ez-toc-section\" id=\"Aplicacoes_do_termometro_capela\"><\/span><strong>Aplica\u00e7\u00f5es do term\u00f4metro capela<\/strong><span class=\"ez-toc-section-end\"><\/span><\/h2>\n\n\n<div class=\"wp-block-image\">\n<figure class=\"alignright size-full is-resized\"><img loading=\"lazy\" decoding=\"async\" width=\"520\" height=\"387\" src=\"https:\/\/www.prostec.com.br\/blog\/wp-content\/uploads\/2024\/12\/2.webp\" alt=\"\" class=\"wp-image-75\" style=\"width:228px;height:auto\" srcset=\"https:\/\/www.prostec.com.br\/blog\/wp-content\/uploads\/2024\/12\/2.webp 520w, https:\/\/www.prostec.com.br\/blog\/wp-content\/uploads\/2024\/12\/2-300x223.webp 300w\" sizes=\"auto, (max-width: 520px) 100vw, 520px\" \/><\/figure>\n<\/div>\n\n\n<p>O term\u00f4metro capela \u00e9 amplamente utilizado em laborat\u00f3rios de pesquisa, onde sua precis\u00e3o garante que os experimentos sejam realizados nas condi\u00e7\u00f5es ideais.&nbsp;<\/p>\n\n\n\n<p>Ele permite monitorar as varia\u00e7\u00f5es de temperatura em tempo real, assegurando a confiabilidade dos resultados e evitando falhas nos testes.<\/p>\n\n\n\n<p>Na <strong>ind\u00fastria farmac\u00eautica<\/strong>, o controle rigoroso da temperatura \u00e9 essencial para a produ\u00e7\u00e3o de medicamentos e vacinas. O term\u00f4metro capela ajuda a garantir que os processos ocorram dentro das condi\u00e7\u00f5es exigidas, prevenindo qualquer altera\u00e7\u00e3o que possa comprometer a qualidade do produto.<\/p>\n\n\n\n<p>J\u00e1 na <strong>ind\u00fastria aliment\u00edcia<\/strong>, o term\u00f4metro capela \u00e9 crucial para controlar processos como pasteuriza\u00e7\u00e3o e fermenta\u00e7\u00e3o, assegurando que os alimentos sejam produzidos e armazenados de acordo com as normas de seguran\u00e7a alimentar. Em sistemas HVAC e controle ambiental, tamb\u00e9m \u00e9 utilizado para manter a temperatura ideal em f\u00e1bricas e ambientes comerciais.<\/p>\n\n\n\n<ul class=\"wp-block-list\">\n<li><a href=\"https:\/\/www.prostec.com.br\/blog\/poco-para-termometros\/poco-termometrico-o-que-saber-antes-de-comprar\/\">Po\u00e7o termom\u00e9trico: o que saber antes de comprar?<\/a><\/li>\n<\/ul>\n\n\n\n<h2 class=\"wp-block-heading\"><span class=\"ez-toc-section\" id=\"Como_escolher_um_fornecedor_de_qualidade\"><\/span><strong>Como escolher um fornecedor de qualidade<\/strong><span class=\"ez-toc-section-end\"><\/span><\/h2>\n\n\n\n<ul class=\"wp-block-list\">\n<li><strong>Reputa\u00e7\u00e3o no mercado: <\/strong>Verifique a reputa\u00e7\u00e3o do fornecedor no mercado, pesquisando avalia\u00e7\u00f5es, feedbacks de clientes e refer\u00eancias de empresas que j\u00e1 tenham trabalhado com ele;<br><br><\/li>\n\n\n\n<li><strong>Certifica\u00e7\u00f5es e conformidade: <\/strong>Certifique-se de que o fornecedor possua certifica\u00e7\u00f5es relevantes para o setor, como ISO, ou cumpra com as normas regulat\u00f3rias exigida;<br><br><\/li>\n\n\n\n<li><strong>Experi\u00eancia e especializa\u00e7\u00e3o: <\/strong>Avalie a experi\u00eancia do fornecedor no mercado e sua especializa\u00e7\u00e3o no produto ou servi\u00e7o que voc\u00ea precisa;<br><br><\/li>\n\n\n\n<li><strong>Qualidade do atendimento ao cliente: <\/strong>A qualidade do atendimento \u00e9 um indicativo da aten\u00e7\u00e3o e cuidado que o fornecedor dar\u00e1 \u00e0 sua empresa;<br><br><\/li>\n\n\n\n<li><strong>Capacidade de entrega e prazos: <\/strong>Avalie a capacidade de entrega do fornecedor, tanto em termos de volume quanto de cumprimento de prazos. Um bom fornecedor deve ser capaz de entregar no tempo combinado, sem comprometer a qualidade.<\/li>\n<\/ul>\n\n\n\n<h2 class=\"wp-block-heading\"><span class=\"ez-toc-section\" id=\"Aposte_no_termometro_capela_da_Prostec\"><\/span><strong>Aposte no term\u00f4metro capela da Prostec<\/strong><span class=\"ez-toc-section-end\"><\/span><\/h2>\n\n\n\n<p>Quando se trata de precis\u00e3o e efici\u00eancia, o term\u00f4metro capela da Prostec \u00e9 uma escolha inteligente para profissionais que buscam excel\u00eancia em medi\u00e7\u00e3o de temperatura.&nbsp;<\/p>\n\n\n\n<p>Com tecnologia de ponta, sensores altamente precisos e facilidade de uso, os term\u00f4metros capela da Prostec garantem o m\u00e1ximo desempenho, adaptando-se perfeitamente \u00e0s necessidades de diversos ambientes industriais e laboratoriais.<\/p>\n\n\n\n<p>Al\u00e9m disso, a Prostec oferece suporte t\u00e9cnico especializado, o que garante que voc\u00ea tenha sempre \u00e0 disposi\u00e7\u00e3o assist\u00eancia para qualquer necessidade de manuten\u00e7\u00e3o ou ajuste.&nbsp;<\/p>\n\n\n\n<p>N\u00e3o perca tempo! <a href=\"https:\/\/www.prostec.com.br\/contato\">Entre em contato<\/a> com a Prostec e otimize seus processos com precis\u00e3o e efici\u00eancia!<\/p>\n","protected":false},"excerpt":{"rendered":"<p><span class=\"rt-reading-time\" style=\"display: block;\"><span class=\"rt-label rt-prefix\">Tempo de leitura<\/span> <span class=\"rt-time\">3<\/span> <span class=\"rt-label rt-postfix\">minutos<\/span><\/span> O term\u00f4metro capela \u00e9 um equipamento essencial para laborat\u00f3rios e ind\u00fastrias, oferecendo alta precis\u00e3o e efici\u00eancia na medi\u00e7\u00e3o de temperatura.&nbsp; O term\u00f4metro capela \u00e9 um equipamento fundamental para ambientes laboratoriais e industriais que exigem precis\u00e3o no controle de temperatura.&nbsp; Projetado para ambientes como capelas de seguran\u00e7a, onde a medi\u00e7\u00e3o exata \u00e9 crucial, esse dispositivo se &hellip; <\/p>\n","protected":false},"author":1,"featured_media":74,"comment_status":"open","ping_status":"open","sticky":false,"template":"","format":"standard","meta":{"footnotes":""},"categories":[41],"tags":[486,484,482,487,485,488,489,491,483,492,493,494,495,497,499,498,490,496],"class_list":["post-73","post","type-post","status-publish","format-standard","has-post-thumbnail","hentry","category-termometro","tag-distribuidor-de-termometro-capela","tag-empresa-de-termometro-capela","tag-fabrica-de-termometro-capela","tag-fabricante-de-termometro-capela","tag-fornecedor-de-termometro-capela","tag-loja-de-termometro-capela","tag-termometro-capela-em-promocao","tag-termometro-capela-em-sao-paulo","tag-termometro-capela-em-sp","tag-termometro-capela-na-oratorio","tag-termometro-capela-na-vila-alpina","tag-termometro-capela-na-vila-ema","tag-termometro-capela-na-vila-formosa","tag-termometro-capela-no-abc","tag-termometro-capela-no-parque-sao-lucas","tag-termometro-capela-perto-de-mim","tag-termometro-capela-preco","tag-termometro-capela-proximo-a-mim","latest_post"],"yoast_head":"<!-- This site is optimized with the Yoast SEO plugin v22.9 - https:\/\/yoast.com\/wordpress\/plugins\/seo\/ -->\n<title>Term\u00f4metro capela: alta precis\u00e3o e efici\u00eancia na medi\u00e7\u00e3o de temperatura - Prostec<\/title>\n<meta name=\"description\" content=\"O term\u00f4metro capela \u00e9 um equipamento essencial para laborat\u00f3rios e ind\u00fastrias, oferecendo alta precis\u00e3o e efici\u00eancia na medi\u00e7\u00e3o de temperatura.\" \/>\n<meta name=\"robots\" content=\"index, follow, max-snippet:-1, max-image-preview:large, max-video-preview:-1\" \/>\n<link rel=\"canonical\" href=\"https:\/\/www.prostec.com.br\/blog\/termometro\/termometro-capela-alta-precisao-e-eficiencia-na-medicao-de-temperatura\/\" \/>\n<meta property=\"og:locale\" content=\"pt_BR\" \/>\n<meta property=\"og:type\" content=\"article\" \/>\n<meta property=\"og:title\" content=\"Term\u00f4metro capela: alta precis\u00e3o e efici\u00eancia na medi\u00e7\u00e3o de temperatura - Prostec\" \/>\n<meta property=\"og:description\" content=\"O term\u00f4metro capela \u00e9 um equipamento essencial para laborat\u00f3rios e ind\u00fastrias, oferecendo alta precis\u00e3o e efici\u00eancia na medi\u00e7\u00e3o de temperatura.\" \/>\n<meta property=\"og:url\" content=\"https:\/\/www.prostec.com.br\/blog\/termometro\/termometro-capela-alta-precisao-e-eficiencia-na-medicao-de-temperatura\/\" \/>\n<meta property=\"og:site_name\" content=\"Prostec\" \/>\n<meta property=\"article:published_time\" content=\"2024-12-17T21:07:13+00:00\" \/>\n<meta property=\"article:modified_time\" content=\"2024-12-17T21:07:14+00:00\" \/>\n<meta property=\"og:image\" content=\"https:\/\/www.prostec.com.br\/blog\/wp-content\/uploads\/2024\/12\/1.webp\" \/>\n\t<meta property=\"og:image:width\" content=\"520\" \/>\n\t<meta property=\"og:image:height\" content=\"362\" \/>\n\t<meta property=\"og:image:type\" content=\"image\/webp\" \/>\n<meta name=\"author\" content=\"admin\" \/>\n<meta name=\"twitter:card\" content=\"summary_large_image\" \/>\n<meta name=\"twitter:label1\" content=\"Escrito por\" \/>\n\t<meta name=\"twitter:data1\" content=\"admin\" \/>\n\t<meta name=\"twitter:label2\" content=\"Est. tempo de leitura\" \/>\n\t<meta name=\"twitter:data2\" content=\"5 minutos\" \/>\n<script type=\"application\/ld+json\" class=\"yoast-schema-graph\">{\"@context\":\"https:\/\/schema.org\",\"@graph\":[{\"@type\":\"Article\",\"@id\":\"https:\/\/www.prostec.com.br\/blog\/termometro\/termometro-capela-alta-precisao-e-eficiencia-na-medicao-de-temperatura\/#article\",\"isPartOf\":{\"@id\":\"https:\/\/www.prostec.com.br\/blog\/termometro\/termometro-capela-alta-precisao-e-eficiencia-na-medicao-de-temperatura\/\"},\"author\":{\"name\":\"admin\",\"@id\":\"https:\/\/www.prostec.com.br\/blog\/#\/schema\/person\/1e904d8a0aeb9533fbc6a8639823c1f9\"},\"headline\":\"Term\u00f4metro capela: alta precis\u00e3o e efici\u00eancia na medi\u00e7\u00e3o de temperatura\",\"datePublished\":\"2024-12-17T21:07:13+00:00\",\"dateModified\":\"2024-12-17T21:07:14+00:00\",\"mainEntityOfPage\":{\"@id\":\"https:\/\/www.prostec.com.br\/blog\/termometro\/termometro-capela-alta-precisao-e-eficiencia-na-medicao-de-temperatura\/\"},\"wordCount\":820,\"commentCount\":0,\"publisher\":{\"@id\":\"https:\/\/www.prostec.com.br\/blog\/#organization\"},\"image\":{\"@id\":\"https:\/\/www.prostec.com.br\/blog\/termometro\/termometro-capela-alta-precisao-e-eficiencia-na-medicao-de-temperatura\/#primaryimage\"},\"thumbnailUrl\":\"https:\/\/www.prostec.com.br\/blog\/wp-content\/uploads\/2024\/12\/1.webp\",\"keywords\":[\"distribuidor de term\u00f4metro capela\",\"empresa de term\u00f4metro capela\",\"f\u00e1brica de term\u00f4metro capela\",\"fabricante de term\u00f4metro capela\",\"fornecedor de term\u00f4metro capela\",\"loja de term\u00f4metro capela\",\"term\u00f4metro capela em promo\u00e7\u00e3o\",\"term\u00f4metro capela em s\u00e3o paulo\",\"term\u00f4metro capela em sp\",\"term\u00f4metro capela na Orat\u00f3rio\",\"term\u00f4metro capela na Vila Alpina\",\"term\u00f4metro capela na Vila Ema\",\"term\u00f4metro capela na Vila Formosa\",\"term\u00f4metro capela no ABC\",\"term\u00f4metro capela no Parque S\u00e3o Lucas\",\"term\u00f4metro capela perto de mim\",\"term\u00f4metro capela pre\u00e7o\",\"term\u00f4metro capela pr\u00f3ximo a mim\"],\"articleSection\":[\"Term\u00f4metro\"],\"inLanguage\":\"pt-BR\",\"potentialAction\":[{\"@type\":\"CommentAction\",\"name\":\"Comment\",\"target\":[\"https:\/\/www.prostec.com.br\/blog\/termometro\/termometro-capela-alta-precisao-e-eficiencia-na-medicao-de-temperatura\/#respond\"]}]},{\"@type\":\"WebPage\",\"@id\":\"https:\/\/www.prostec.com.br\/blog\/termometro\/termometro-capela-alta-precisao-e-eficiencia-na-medicao-de-temperatura\/\",\"url\":\"https:\/\/www.prostec.com.br\/blog\/termometro\/termometro-capela-alta-precisao-e-eficiencia-na-medicao-de-temperatura\/\",\"name\":\"Term\u00f4metro capela: alta precis\u00e3o e efici\u00eancia na medi\u00e7\u00e3o de temperatura - Prostec\",\"isPartOf\":{\"@id\":\"https:\/\/www.prostec.com.br\/blog\/#website\"},\"primaryImageOfPage\":{\"@id\":\"https:\/\/www.prostec.com.br\/blog\/termometro\/termometro-capela-alta-precisao-e-eficiencia-na-medicao-de-temperatura\/#primaryimage\"},\"image\":{\"@id\":\"https:\/\/www.prostec.com.br\/blog\/termometro\/termometro-capela-alta-precisao-e-eficiencia-na-medicao-de-temperatura\/#primaryimage\"},\"thumbnailUrl\":\"https:\/\/www.prostec.com.br\/blog\/wp-content\/uploads\/2024\/12\/1.webp\",\"datePublished\":\"2024-12-17T21:07:13+00:00\",\"dateModified\":\"2024-12-17T21:07:14+00:00\",\"description\":\"O term\u00f4metro capela \u00e9 um equipamento essencial para laborat\u00f3rios e ind\u00fastrias, oferecendo alta precis\u00e3o e efici\u00eancia na medi\u00e7\u00e3o de temperatura.\",\"breadcrumb\":{\"@id\":\"https:\/\/www.prostec.com.br\/blog\/termometro\/termometro-capela-alta-precisao-e-eficiencia-na-medicao-de-temperatura\/#breadcrumb\"},\"inLanguage\":\"pt-BR\",\"potentialAction\":[{\"@type\":\"ReadAction\",\"target\":[\"https:\/\/www.prostec.com.br\/blog\/termometro\/termometro-capela-alta-precisao-e-eficiencia-na-medicao-de-temperatura\/\"]}]},{\"@type\":\"ImageObject\",\"inLanguage\":\"pt-BR\",\"@id\":\"https:\/\/www.prostec.com.br\/blog\/termometro\/termometro-capela-alta-precisao-e-eficiencia-na-medicao-de-temperatura\/#primaryimage\",\"url\":\"https:\/\/www.prostec.com.br\/blog\/wp-content\/uploads\/2024\/12\/1.webp\",\"contentUrl\":\"https:\/\/www.prostec.com.br\/blog\/wp-content\/uploads\/2024\/12\/1.webp\",\"width\":520,\"height\":362,\"caption\":\"Term\u00f4metro capela: alta precis\u00e3o e efici\u00eancia na medi\u00e7\u00e3o de temperatura\"},{\"@type\":\"BreadcrumbList\",\"@id\":\"https:\/\/www.prostec.com.br\/blog\/termometro\/termometro-capela-alta-precisao-e-eficiencia-na-medicao-de-temperatura\/#breadcrumb\",\"itemListElement\":[{\"@type\":\"ListItem\",\"position\":1,\"name\":\"In\u00edcio\",\"item\":\"https:\/\/www.prostec.com.br\/blog\/\"},{\"@type\":\"ListItem\",\"position\":2,\"name\":\"Term\u00f4metro capela: alta precis\u00e3o e efici\u00eancia na medi\u00e7\u00e3o de temperatura\"}]},{\"@type\":\"WebSite\",\"@id\":\"https:\/\/www.prostec.com.br\/blog\/#website\",\"url\":\"https:\/\/www.prostec.com.br\/blog\/\",\"name\":\"Prostec\",\"description\":\"Blog | Prostec -  tudo o que voc\u00ea precisa saber\",\"publisher\":{\"@id\":\"https:\/\/www.prostec.com.br\/blog\/#organization\"},\"potentialAction\":[{\"@type\":\"SearchAction\",\"target\":{\"@type\":\"EntryPoint\",\"urlTemplate\":\"https:\/\/www.prostec.com.br\/blog\/?s={search_term_string}\"},\"query-input\":\"required name=search_term_string\"}],\"inLanguage\":\"pt-BR\"},{\"@type\":\"Organization\",\"@id\":\"https:\/\/www.prostec.com.br\/blog\/#organization\",\"name\":\"Prostec\",\"url\":\"https:\/\/www.prostec.com.br\/blog\/\",\"logo\":{\"@type\":\"ImageObject\",\"inLanguage\":\"pt-BR\",\"@id\":\"https:\/\/www.prostec.com.br\/blog\/#\/schema\/logo\/image\/\",\"url\":\"https:\/\/www.prostec.com.br\/blog\/wp-content\/uploads\/2024\/06\/logo.png\",\"contentUrl\":\"https:\/\/www.prostec.com.br\/blog\/wp-content\/uploads\/2024\/06\/logo.png\",\"width\":161,\"height\":60,\"caption\":\"Prostec\"},\"image\":{\"@id\":\"https:\/\/www.prostec.com.br\/blog\/#\/schema\/logo\/image\/\"}},{\"@type\":\"Person\",\"@id\":\"https:\/\/www.prostec.com.br\/blog\/#\/schema\/person\/1e904d8a0aeb9533fbc6a8639823c1f9\",\"name\":\"admin\",\"image\":{\"@type\":\"ImageObject\",\"inLanguage\":\"pt-BR\",\"@id\":\"https:\/\/www.prostec.com.br\/blog\/#\/schema\/person\/image\/\",\"url\":\"https:\/\/secure.gravatar.com\/avatar\/b9b15651bcb8041dc92676db087edb2957671cb54cccf8751fa28dd7031dbba2?s=96&d=mm&r=g\",\"contentUrl\":\"https:\/\/secure.gravatar.com\/avatar\/b9b15651bcb8041dc92676db087edb2957671cb54cccf8751fa28dd7031dbba2?s=96&d=mm&r=g\",\"caption\":\"admin\"},\"sameAs\":[\"https:\/\/prostec.com.br\/blog\"],\"url\":\"https:\/\/www.prostec.com.br\/blog\/author\/admin\/\"}]}<\/script>\n<!-- \/ Yoast SEO plugin. -->","yoast_head_json":{"title":"Term\u00f4metro capela: alta precis\u00e3o e efici\u00eancia na medi\u00e7\u00e3o de temperatura - Prostec","description":"O term\u00f4metro capela \u00e9 um equipamento essencial para laborat\u00f3rios e ind\u00fastrias, oferecendo alta precis\u00e3o e efici\u00eancia na medi\u00e7\u00e3o de temperatura.","robots":{"index":"index","follow":"follow","max-snippet":"max-snippet:-1","max-image-preview":"max-image-preview:large","max-video-preview":"max-video-preview:-1"},"canonical":"https:\/\/www.prostec.com.br\/blog\/termometro\/termometro-capela-alta-precisao-e-eficiencia-na-medicao-de-temperatura\/","og_locale":"pt_BR","og_type":"article","og_title":"Term\u00f4metro capela: alta precis\u00e3o e efici\u00eancia na medi\u00e7\u00e3o de temperatura - Prostec","og_description":"O term\u00f4metro capela \u00e9 um equipamento essencial para laborat\u00f3rios e ind\u00fastrias, oferecendo alta precis\u00e3o e efici\u00eancia na medi\u00e7\u00e3o de temperatura.","og_url":"https:\/\/www.prostec.com.br\/blog\/termometro\/termometro-capela-alta-precisao-e-eficiencia-na-medicao-de-temperatura\/","og_site_name":"Prostec","article_published_time":"2024-12-17T21:07:13+00:00","article_modified_time":"2024-12-17T21:07:14+00:00","og_image":[{"width":520,"height":362,"url":"https:\/\/www.prostec.com.br\/blog\/wp-content\/uploads\/2024\/12\/1.webp","type":"image\/webp"}],"author":"admin","twitter_card":"summary_large_image","twitter_misc":{"Escrito por":"admin","Est. tempo de leitura":"5 minutos"},"schema":{"@context":"https:\/\/schema.org","@graph":[{"@type":"Article","@id":"https:\/\/www.prostec.com.br\/blog\/termometro\/termometro-capela-alta-precisao-e-eficiencia-na-medicao-de-temperatura\/#article","isPartOf":{"@id":"https:\/\/www.prostec.com.br\/blog\/termometro\/termometro-capela-alta-precisao-e-eficiencia-na-medicao-de-temperatura\/"},"author":{"name":"admin","@id":"https:\/\/www.prostec.com.br\/blog\/#\/schema\/person\/1e904d8a0aeb9533fbc6a8639823c1f9"},"headline":"Term\u00f4metro capela: alta precis\u00e3o e efici\u00eancia na medi\u00e7\u00e3o de temperatura","datePublished":"2024-12-17T21:07:13+00:00","dateModified":"2024-12-17T21:07:14+00:00","mainEntityOfPage":{"@id":"https:\/\/www.prostec.com.br\/blog\/termometro\/termometro-capela-alta-precisao-e-eficiencia-na-medicao-de-temperatura\/"},"wordCount":820,"commentCount":0,"publisher":{"@id":"https:\/\/www.prostec.com.br\/blog\/#organization"},"image":{"@id":"https:\/\/www.prostec.com.br\/blog\/termometro\/termometro-capela-alta-precisao-e-eficiencia-na-medicao-de-temperatura\/#primaryimage"},"thumbnailUrl":"https:\/\/www.prostec.com.br\/blog\/wp-content\/uploads\/2024\/12\/1.webp","keywords":["distribuidor de term\u00f4metro capela","empresa de term\u00f4metro capela","f\u00e1brica de term\u00f4metro capela","fabricante de term\u00f4metro capela","fornecedor de term\u00f4metro capela","loja de term\u00f4metro capela","term\u00f4metro capela em promo\u00e7\u00e3o","term\u00f4metro capela em s\u00e3o paulo","term\u00f4metro capela em sp","term\u00f4metro capela na Orat\u00f3rio","term\u00f4metro capela na Vila Alpina","term\u00f4metro capela na Vila Ema","term\u00f4metro capela na Vila Formosa","term\u00f4metro capela no ABC","term\u00f4metro capela no Parque S\u00e3o Lucas","term\u00f4metro capela perto de mim","term\u00f4metro capela pre\u00e7o","term\u00f4metro capela pr\u00f3ximo a mim"],"articleSection":["Term\u00f4metro"],"inLanguage":"pt-BR","potentialAction":[{"@type":"CommentAction","name":"Comment","target":["https:\/\/www.prostec.com.br\/blog\/termometro\/termometro-capela-alta-precisao-e-eficiencia-na-medicao-de-temperatura\/#respond"]}]},{"@type":"WebPage","@id":"https:\/\/www.prostec.com.br\/blog\/termometro\/termometro-capela-alta-precisao-e-eficiencia-na-medicao-de-temperatura\/","url":"https:\/\/www.prostec.com.br\/blog\/termometro\/termometro-capela-alta-precisao-e-eficiencia-na-medicao-de-temperatura\/","name":"Term\u00f4metro capela: alta precis\u00e3o e efici\u00eancia na medi\u00e7\u00e3o de temperatura - Prostec","isPartOf":{"@id":"https:\/\/www.prostec.com.br\/blog\/#website"},"primaryImageOfPage":{"@id":"https:\/\/www.prostec.com.br\/blog\/termometro\/termometro-capela-alta-precisao-e-eficiencia-na-medicao-de-temperatura\/#primaryimage"},"image":{"@id":"https:\/\/www.prostec.com.br\/blog\/termometro\/termometro-capela-alta-precisao-e-eficiencia-na-medicao-de-temperatura\/#primaryimage"},"thumbnailUrl":"https:\/\/www.prostec.com.br\/blog\/wp-content\/uploads\/2024\/12\/1.webp","datePublished":"2024-12-17T21:07:13+00:00","dateModified":"2024-12-17T21:07:14+00:00","description":"O term\u00f4metro capela \u00e9 um equipamento essencial para laborat\u00f3rios e ind\u00fastrias, oferecendo alta precis\u00e3o e efici\u00eancia na medi\u00e7\u00e3o de temperatura.","breadcrumb":{"@id":"https:\/\/www.prostec.com.br\/blog\/termometro\/termometro-capela-alta-precisao-e-eficiencia-na-medicao-de-temperatura\/#breadcrumb"},"inLanguage":"pt-BR","potentialAction":[{"@type":"ReadAction","target":["https:\/\/www.prostec.com.br\/blog\/termometro\/termometro-capela-alta-precisao-e-eficiencia-na-medicao-de-temperatura\/"]}]},{"@type":"ImageObject","inLanguage":"pt-BR","@id":"https:\/\/www.prostec.com.br\/blog\/termometro\/termometro-capela-alta-precisao-e-eficiencia-na-medicao-de-temperatura\/#primaryimage","url":"https:\/\/www.prostec.com.br\/blog\/wp-content\/uploads\/2024\/12\/1.webp","contentUrl":"https:\/\/www.prostec.com.br\/blog\/wp-content\/uploads\/2024\/12\/1.webp","width":520,"height":362,"caption":"Term\u00f4metro capela: alta precis\u00e3o e efici\u00eancia na medi\u00e7\u00e3o de temperatura"},{"@type":"BreadcrumbList","@id":"https:\/\/www.prostec.com.br\/blog\/termometro\/termometro-capela-alta-precisao-e-eficiencia-na-medicao-de-temperatura\/#breadcrumb","itemListElement":[{"@type":"ListItem","position":1,"name":"In\u00edcio","item":"https:\/\/www.prostec.com.br\/blog\/"},{"@type":"ListItem","position":2,"name":"Term\u00f4metro capela: alta precis\u00e3o e efici\u00eancia na medi\u00e7\u00e3o de temperatura"}]},{"@type":"WebSite","@id":"https:\/\/www.prostec.com.br\/blog\/#website","url":"https:\/\/www.prostec.com.br\/blog\/","name":"Prostec","description":"Blog | Prostec -  tudo o que voc\u00ea precisa saber","publisher":{"@id":"https:\/\/www.prostec.com.br\/blog\/#organization"},"potentialAction":[{"@type":"SearchAction","target":{"@type":"EntryPoint","urlTemplate":"https:\/\/www.prostec.com.br\/blog\/?s={search_term_string}"},"query-input":"required name=search_term_string"}],"inLanguage":"pt-BR"},{"@type":"Organization","@id":"https:\/\/www.prostec.com.br\/blog\/#organization","name":"Prostec","url":"https:\/\/www.prostec.com.br\/blog\/","logo":{"@type":"ImageObject","inLanguage":"pt-BR","@id":"https:\/\/www.prostec.com.br\/blog\/#\/schema\/logo\/image\/","url":"https:\/\/www.prostec.com.br\/blog\/wp-content\/uploads\/2024\/06\/logo.png","contentUrl":"https:\/\/www.prostec.com.br\/blog\/wp-content\/uploads\/2024\/06\/logo.png","width":161,"height":60,"caption":"Prostec"},"image":{"@id":"https:\/\/www.prostec.com.br\/blog\/#\/schema\/logo\/image\/"}},{"@type":"Person","@id":"https:\/\/www.prostec.com.br\/blog\/#\/schema\/person\/1e904d8a0aeb9533fbc6a8639823c1f9","name":"admin","image":{"@type":"ImageObject","inLanguage":"pt-BR","@id":"https:\/\/www.prostec.com.br\/blog\/#\/schema\/person\/image\/","url":"https:\/\/secure.gravatar.com\/avatar\/b9b15651bcb8041dc92676db087edb2957671cb54cccf8751fa28dd7031dbba2?s=96&d=mm&r=g","contentUrl":"https:\/\/secure.gravatar.com\/avatar\/b9b15651bcb8041dc92676db087edb2957671cb54cccf8751fa28dd7031dbba2?s=96&d=mm&r=g","caption":"admin"},"sameAs":["https:\/\/prostec.com.br\/blog"],"url":"https:\/\/www.prostec.com.br\/blog\/author\/admin\/"}]}},"_links":{"self":[{"href":"https:\/\/www.prostec.com.br\/blog\/wp-json\/wp\/v2\/posts\/73","targetHints":{"allow":["GET"]}}],"collection":[{"href":"https:\/\/www.prostec.com.br\/blog\/wp-json\/wp\/v2\/posts"}],"about":[{"href":"https:\/\/www.prostec.com.br\/blog\/wp-json\/wp\/v2\/types\/post"}],"author":[{"embeddable":true,"href":"https:\/\/www.prostec.com.br\/blog\/wp-json\/wp\/v2\/users\/1"}],"replies":[{"embeddable":true,"href":"https:\/\/www.prostec.com.br\/blog\/wp-json\/wp\/v2\/comments?post=73"}],"version-history":[{"count":1,"href":"https:\/\/www.prostec.com.br\/blog\/wp-json\/wp\/v2\/posts\/73\/revisions"}],"predecessor-version":[{"id":76,"href":"https:\/\/www.prostec.com.br\/blog\/wp-json\/wp\/v2\/posts\/73\/revisions\/76"}],"wp:featuredmedia":[{"embeddable":true,"href":"https:\/\/www.prostec.com.br\/blog\/wp-json\/wp\/v2\/media\/74"}],"wp:attachment":[{"href":"https:\/\/www.prostec.com.br\/blog\/wp-json\/wp\/v2\/media?parent=73"}],"wp:term":[{"taxonomy":"category","embeddable":true,"href":"https:\/\/www.prostec.com.br\/blog\/wp-json\/wp\/v2\/categories?post=73"},{"taxonomy":"post_tag","embeddable":true,"href":"https:\/\/www.prostec.com.br\/blog\/wp-json\/wp\/v2\/tags?post=73"}],"curies":[{"name":"wp","href":"https:\/\/api.w.org\/{rel}","templated":true}]}}